{"id":27788,"date":"2024-04-04T11:33:47","date_gmt":"2024-04-04T09:33:47","guid":{"rendered":"http:\/\/www.ecole-libre-montaleux.be\/site\/?p=27788"},"modified":"2024-04-04T11:33:47","modified_gmt":"2024-04-04T09:33:47","slug":"en-cuisine-avec-les-p1-et-les-p5","status":"publish","type":"post","link":"http:\/\/www.ecole-libre-montaleux.be\/site\/2024\/04\/04\/en-cuisine-avec-les-p1-et-les-p5\/","title":{"rendered":"En cuisine avec les P1 et les P5"},"content":{"rendered":"<p>Dans le cadre du cours de n\u00e9erlandais et d&rsquo;\u00e9veil aux langues, les enfants de P5 sont venus cuisiner avec ceux de P1.<\/p>\n<p>Les P5 ont d&rsquo;abord travaill\u00e9 sur les recettes (cookies et salade de fruits) et leur vocabulaire. Ensuite, ils sont venus expliquer \u00e7a par petits groupes aux P1.<\/p>\n<p>Leur objectif \u00e9tait de leur faire m\u00e9moriser au moins 5 mots en n\u00e9erlandais.<\/p>\n<p>C&rsquo;\u00e9tait aussi l&rsquo;occasion de pratiquer le n\u00e9erlandais en situation concr\u00e8te.<\/p>\n<div data-carousel-extra='{&quot;blog_id&quot;:1,&quot;permalink&quot;:&quot;http:\/\/www.ecole-libre-montaleux.be\/site\/2024\/04\/04\/en-cuisine-avec-les-p1-et-les-p5\/&quot;}' id='gallery-1' class='gallery galleryid-27788 gallery-columns-3 gallery-size-medium'><figure class='gallery-item'>\n\t\t\t<div class='gallery-icon portrait'>\n\t\t\t\t<a href='http:\/\/www.ecole-libre-montaleux.be\/site\/2024\/04\/04\/en-cuisine-avec-les-p1-et-les-p5\/432994574_1173728330662236_4976125867908029110_n\/'><img fetchpriority=\"high\" decoding=\"async\" width=\"225\" height=\"300\" src=\"https:\/\/i0.wp.com\/www.ecole-libre-montaleux.be\/site\/wp-content\/uploads\/2024\/04\/432994574_1173728330662236_4976125867908029110_n.jpg?fit=225%2C300\" class=\"attachment-medium size-medium no-lazy\" alt=\"\" srcset=\"https:\/\/i0.wp.com\/www.ecole-libre-montaleux.be\/site\/wp-content\/uploads\/2024\/04\/432994574_1173728330662236_4976125867908029110_n.jpg?w=1536 1536w, https:\/\/i0.wp.com\/www.ecole-libre-montaleux.be\/site\/wp-content\/uploads\/2024\/04\/432994574_1173728330662236_4976125867908029110_n.jpg?resize=225%2C300 225w, https:\/\/i0.wp.com\/www.ecole-libre-montaleux.be\/site\/wp-content\/uploads\/2024\/04\/432994574_1173728330662236_4976125867908029110_n.jpg?resize=768%2C1024 768w, https:\/\/i0.wp.com\/www.ecole-libre-montaleux.be\/site\/wp-content\/uploads\/2024\/04\/432994574_1173728330662236_4976125867908029110_n.jpg?resize=1152%2C1536 1152w\" sizes=\"(max-width: 225px) 100vw, 225px\" data-attachment-id=\"27789\" data-permalink=\"http:\/\/www.ecole-libre-montaleux.be\/site\/2024\/04\/04\/en-cuisine-avec-les-p1-et-les-p5\/432994574_1173728330662236_4976125867908029110_n\/\" data-orig-file=\"https:\/\/i0.wp.com\/www.ecole-libre-montaleux.be\/site\/wp-content\/uploads\/2024\/04\/432994574_1173728330662236_4976125867908029110_n.jpg?fit=1536%2C2048\" data-orig-size=\"1536,2048\" data-comments-opened=\"0\" data-image-meta=\"{&quot;aperture&quot;:&quot;0&quot;,&quot;credit&quot;:&quot;&quot;,&quot;camera&quot;:&quot;&quot;,&quot;caption&quot;:&quot;&quot;,&quot;created_timestamp&quot;:&quot;0&quot;,&quot;copyright&quot;:&quot;&quot;,&quot;focal_length&quot;:&quot;0&quot;,&quot;iso&quot;:&quot;0&quot;,&quot;shutter_speed&quot;:&quot;0&quot;,&quot;title&quot;:&quot;&quot;,&quot;orientation&quot;:&quot;0&quot;}\" data-image-title=\"432994574_1173728330662236_4976125867908029110_n\" data-image-description=\"\" data-image-caption=\"\" data-large-file=\"https:\/\/i0.wp.com\/www.ecole-libre-montaleux.be\/site\/wp-content\/uploads\/2024\/04\/432994574_1173728330662236_4976125867908029110_n.jpg?fit=750%2C1000\" \/><\/a>\n\t\t\t<\/div><\/figure><figure class='gallery-item'>\n\t\t\t<div class='gallery-icon portrait'>\n\t\t\t\t<a href='http:\/\/www.ecole-libre-montaleux.be\/site\/2024\/04\/04\/en-cuisine-avec-les-p1-et-les-p5\/433042214_1572232256933080_4722744017045484239_n\/'><img decoding=\"async\" width=\"225\" height=\"300\" src=\"https:\/\/i0.wp.com\/www.ecole-libre-montaleux.be\/site\/wp-content\/uploads\/2024\/04\/433042214_1572232256933080_4722744017045484239_n.jpg?fit=225%2C300\" class=\"attachment-medium size-medium no-lazy\" alt=\"\" srcset=\"https:\/\/i0.wp.com\/www.ecole-libre-montaleux.be\/site\/wp-content\/uploads\/2024\/04\/433042214_1572232256933080_4722744017045484239_n.jpg?w=1536 1536w, https:\/\/i0.wp.com\/www.ecole-libre-montaleux.be\/site\/wp-content\/uploads\/2024\/04\/433042214_1572232256933080_4722744017045484239_n.jpg?resize=225%2C300 225w, https:\/\/i0.wp.com\/www.ecole-libre-montaleux.be\/site\/wp-content\/uploads\/2024\/04\/433042214_1572232256933080_4722744017045484239_n.jpg?resize=768%2C1024 768w, https:\/\/i0.wp.com\/www.ecole-libre-montaleux.be\/site\/wp-content\/uploads\/2024\/04\/433042214_1572232256933080_4722744017045484239_n.jpg?resize=1152%2C1536 1152w\" sizes=\"(max-width: 225px) 100vw, 225px\" data-attachment-id=\"27790\" data-permalink=\"http:\/\/www.ecole-libre-montaleux.be\/site\/2024\/04\/04\/en-cuisine-avec-les-p1-et-les-p5\/433042214_1572232256933080_4722744017045484239_n\/\" data-orig-file=\"https:\/\/i0.wp.com\/www.ecole-libre-montaleux.be\/site\/wp-content\/uploads\/2024\/04\/433042214_1572232256933080_4722744017045484239_n.jpg?fit=1536%2C2048\" data-orig-size=\"1536,2048\" data-comments-opened=\"0\" data-image-meta=\"{&quot;aperture&quot;:&quot;0&quot;,&quot;credit&quot;:&quot;&quot;,&quot;camera&quot;:&quot;&quot;,&quot;caption&quot;:&quot;&quot;,&quot;created_timestamp&quot;:&quot;0&quot;,&quot;copyright&quot;:&quot;&quot;,&quot;focal_length&quot;:&quot;0&quot;,&quot;iso&quot;:&quot;0&quot;,&quot;shutter_speed&quot;:&quot;0&quot;,&quot;title&quot;:&quot;&quot;,&quot;orientation&quot;:&quot;0&quot;}\" data-image-title=\"433042214_1572232256933080_4722744017045484239_n\" data-image-description=\"\" data-image-caption=\"\" data-large-file=\"https:\/\/i0.wp.com\/www.ecole-libre-montaleux.be\/site\/wp-content\/uploads\/2024\/04\/433042214_1572232256933080_4722744017045484239_n.jpg?fit=750%2C1000\" \/><\/a>\n\t\t\t<\/div><\/figure><figure class='gallery-item'>\n\t\t\t<div class='gallery-icon portrait'>\n\t\t\t\t<a href='http:\/\/www.ecole-libre-montaleux.be\/site\/2024\/04\/04\/en-cuisine-avec-les-p1-et-les-p5\/432763804_2528987657307914_5151351381615078333_n\/'><img decoding=\"async\" width=\"225\" height=\"300\" src=\"https:\/\/i0.wp.com\/www.ecole-libre-montaleux.be\/site\/wp-content\/uploads\/2024\/04\/432763804_2528987657307914_5151351381615078333_n.jpg?fit=225%2C300\" class=\"attachment-medium size-medium no-lazy\" alt=\"\" srcset=\"https:\/\/i0.wp.com\/www.ecole-libre-montaleux.be\/site\/wp-content\/uploads\/2024\/04\/432763804_2528987657307914_5151351381615078333_n.jpg?w=1536 1536w, https:\/\/i0.wp.com\/www.ecole-libre-montaleux.be\/site\/wp-content\/uploads\/2024\/04\/432763804_2528987657307914_5151351381615078333_n.jpg?resize=225%2C300 225w, https:\/\/i0.wp.com\/www.ecole-libre-montaleux.be\/site\/wp-content\/uploads\/2024\/04\/432763804_2528987657307914_5151351381615078333_n.jpg?resize=768%2C1024 768w, https:\/\/i0.wp.com\/www.ecole-libre-montaleux.be\/site\/wp-content\/uploads\/2024\/04\/432763804_2528987657307914_5151351381615078333_n.jpg?resize=1152%2C1536 1152w\" sizes=\"(max-width: 225px) 100vw, 225px\" data-attachment-id=\"27791\" data-permalink=\"http:\/\/www.ecole-libre-montaleux.be\/site\/2024\/04\/04\/en-cuisine-avec-les-p1-et-les-p5\/432763804_2528987657307914_5151351381615078333_n\/\" data-orig-file=\"https:\/\/i0.wp.com\/www.ecole-libre-montaleux.be\/site\/wp-content\/uploads\/2024\/04\/432763804_2528987657307914_5151351381615078333_n.jpg?fit=1536%2C2048\" data-orig-size=\"1536,2048\" data-comments-opened=\"0\" data-image-meta=\"{&quot;aperture&quot;:&quot;0&quot;,&quot;credit&quot;:&quot;&quot;,&quot;camera&quot;:&quot;&quot;,&quot;caption&quot;:&quot;&quot;,&quot;created_timestamp&quot;:&quot;0&quot;,&quot;copyright&quot;:&quot;&quot;,&quot;focal_length&quot;:&quot;0&quot;,&quot;iso&quot;:&quot;0&quot;,&quot;shutter_speed&quot;:&quot;0&quot;,&quot;title&quot;:&quot;&quot;,&quot;orientation&quot;:&quot;0&quot;}\" data-image-title=\"432763804_2528987657307914_5151351381615078333_n\" data-image-description=\"\" data-image-caption=\"\" data-large-file=\"https:\/\/i0.wp.com\/www.ecole-libre-montaleux.be\/site\/wp-content\/uploads\/2024\/04\/432763804_2528987657307914_5151351381615078333_n.jpg?fit=750%2C1000\" \/><\/a>\n\t\t\t<\/div><\/figure><figure class='gallery-item'>\n\t\t\t<div class='gallery-icon portrait'>\n\t\t\t\t<a href='http:\/\/www.ecole-libre-montaleux.be\/site\/2024\/04\/04\/en-cuisine-avec-les-p1-et-les-p5\/432903402_3667011670234568_5422007982561971853_n-1\/'><img loading=\"lazy\" decoding=\"async\" width=\"225\" height=\"300\" src=\"https:\/\/i0.wp.com\/www.ecole-libre-montaleux.be\/site\/wp-content\/uploads\/2024\/04\/432903402_3667011670234568_5422007982561971853_n-1.jpg?fit=225%2C300\" class=\"attachment-medium size-medium no-lazy\" alt=\"\" srcset=\"https:\/\/i0.wp.com\/www.ecole-libre-montaleux.be\/site\/wp-content\/uploads\/2024\/04\/432903402_3667011670234568_5422007982561971853_n-1.jpg?w=1536 1536w, https:\/\/i0.wp.com\/www.ecole-libre-montaleux.be\/site\/wp-content\/uploads\/2024\/04\/432903402_3667011670234568_5422007982561971853_n-1.jpg?resize=225%2C300 225w, https:\/\/i0.wp.com\/www.ecole-libre-montaleux.be\/site\/wp-content\/uploads\/2024\/04\/432903402_3667011670234568_5422007982561971853_n-1.jpg?resize=768%2C1024 768w, https:\/\/i0.wp.com\/www.ecole-libre-montaleux.be\/site\/wp-content\/uploads\/2024\/04\/432903402_3667011670234568_5422007982561971853_n-1.jpg?resize=1152%2C1536 1152w\" sizes=\"(max-width: 225px) 100vw, 225px\" data-attachment-id=\"27792\" data-permalink=\"http:\/\/www.ecole-libre-montaleux.be\/site\/2024\/04\/04\/en-cuisine-avec-les-p1-et-les-p5\/432903402_3667011670234568_5422007982561971853_n-1\/\" data-orig-file=\"https:\/\/i0.wp.com\/www.ecole-libre-montaleux.be\/site\/wp-content\/uploads\/2024\/04\/432903402_3667011670234568_5422007982561971853_n-1.jpg?fit=1536%2C2048\" data-orig-size=\"1536,2048\" data-comments-opened=\"0\" data-image-meta=\"{&quot;aperture&quot;:&quot;0&quot;,&quot;credit&quot;:&quot;&quot;,&quot;camera&quot;:&quot;&quot;,&quot;caption&quot;:&quot;&quot;,&quot;created_timestamp&quot;:&quot;0&quot;,&quot;copyright&quot;:&quot;&quot;,&quot;focal_length&quot;:&quot;0&quot;,&quot;iso&quot;:&quot;0&quot;,&quot;shutter_speed&quot;:&quot;0&quot;,&quot;title&quot;:&quot;&quot;,&quot;orientation&quot;:&quot;0&quot;}\" data-image-title=\"432903402_3667011670234568_5422007982561971853_n (1)\" data-image-description=\"\" data-image-caption=\"\" data-large-file=\"https:\/\/i0.wp.com\/www.ecole-libre-montaleux.be\/site\/wp-content\/uploads\/2024\/04\/432903402_3667011670234568_5422007982561971853_n-1.jpg?fit=750%2C1000\" \/><\/a>\n\t\t\t<\/div><\/figure><figure class='gallery-item'>\n\t\t\t<div class='gallery-icon portrait'>\n\t\t\t\t<a href='http:\/\/www.ecole-libre-montaleux.be\/site\/2024\/04\/04\/en-cuisine-avec-les-p1-et-les-p5\/432903402_3667011670234568_5422007982561971853_n\/'><img loading=\"lazy\" decoding=\"async\" width=\"225\" height=\"300\" src=\"https:\/\/i0.wp.com\/www.ecole-libre-montaleux.be\/site\/wp-content\/uploads\/2024\/04\/432903402_3667011670234568_5422007982561971853_n.jpg?fit=225%2C300\" class=\"attachment-medium size-medium no-lazy\" alt=\"\" srcset=\"https:\/\/i0.wp.com\/www.ecole-libre-montaleux.be\/site\/wp-content\/uploads\/2024\/04\/432903402_3667011670234568_5422007982561971853_n.jpg?w=1536 1536w, https:\/\/i0.wp.com\/www.ecole-libre-montaleux.be\/site\/wp-content\/uploads\/2024\/04\/432903402_3667011670234568_5422007982561971853_n.jpg?resize=225%2C300 225w, https:\/\/i0.wp.com\/www.ecole-libre-montaleux.be\/site\/wp-content\/uploads\/2024\/04\/432903402_3667011670234568_5422007982561971853_n.jpg?resize=768%2C1024 768w, https:\/\/i0.wp.com\/www.ecole-libre-montaleux.be\/site\/wp-content\/uploads\/2024\/04\/432903402_3667011670234568_5422007982561971853_n.jpg?resize=1152%2C1536 1152w\" sizes=\"(max-width: 225px) 100vw, 225px\" data-attachment-id=\"27793\" data-permalink=\"http:\/\/www.ecole-libre-montaleux.be\/site\/2024\/04\/04\/en-cuisine-avec-les-p1-et-les-p5\/432903402_3667011670234568_5422007982561971853_n\/\" data-orig-file=\"https:\/\/i0.wp.com\/www.ecole-libre-montaleux.be\/site\/wp-content\/uploads\/2024\/04\/432903402_3667011670234568_5422007982561971853_n.jpg?fit=1536%2C2048\" data-orig-size=\"1536,2048\" data-comments-opened=\"0\" data-image-meta=\"{&quot;aperture&quot;:&quot;0&quot;,&quot;credit&quot;:&quot;&quot;,&quot;camera&quot;:&quot;&quot;,&quot;caption&quot;:&quot;&quot;,&quot;created_timestamp&quot;:&quot;0&quot;,&quot;copyright&quot;:&quot;&quot;,&quot;focal_length&quot;:&quot;0&quot;,&quot;iso&quot;:&quot;0&quot;,&quot;shutter_speed&quot;:&quot;0&quot;,&quot;title&quot;:&quot;&quot;,&quot;orientation&quot;:&quot;0&quot;}\" data-image-title=\"432903402_3667011670234568_5422007982561971853_n\" data-image-description=\"\" data-image-caption=\"\" data-large-file=\"https:\/\/i0.wp.com\/www.ecole-libre-montaleux.be\/site\/wp-content\/uploads\/2024\/04\/432903402_3667011670234568_5422007982561971853_n.jpg?fit=750%2C1000\" \/><\/a>\n\t\t\t<\/div><\/figure><figure class='gallery-item'>\n\t\t\t<div class='gallery-icon portrait'>\n\t\t\t\t<a href='http:\/\/www.ecole-libre-montaleux.be\/site\/2024\/04\/04\/en-cuisine-avec-les-p1-et-les-p5\/433119367_1079536369979451_5560761709883423571_n\/'><img loading=\"lazy\" decoding=\"async\" width=\"225\" height=\"300\" src=\"https:\/\/i0.wp.com\/www.ecole-libre-montaleux.be\/site\/wp-content\/uploads\/2024\/04\/433119367_1079536369979451_5560761709883423571_n.jpg?fit=225%2C300\" class=\"attachment-medium size-medium no-lazy\" alt=\"\" srcset=\"https:\/\/i0.wp.com\/www.ecole-libre-montaleux.be\/site\/wp-content\/uploads\/2024\/04\/433119367_1079536369979451_5560761709883423571_n.jpg?w=1536 1536w, https:\/\/i0.wp.com\/www.ecole-libre-montaleux.be\/site\/wp-content\/uploads\/2024\/04\/433119367_1079536369979451_5560761709883423571_n.jpg?resize=225%2C300 225w, https:\/\/i0.wp.com\/www.ecole-libre-montaleux.be\/site\/wp-content\/uploads\/2024\/04\/433119367_1079536369979451_5560761709883423571_n.jpg?resize=768%2C1024 768w, https:\/\/i0.wp.com\/www.ecole-libre-montaleux.be\/site\/wp-content\/uploads\/2024\/04\/433119367_1079536369979451_5560761709883423571_n.jpg?resize=1152%2C1536 1152w\" sizes=\"(max-width: 225px) 100vw, 225px\" data-attachment-id=\"27794\" data-permalink=\"http:\/\/www.ecole-libre-montaleux.be\/site\/2024\/04\/04\/en-cuisine-avec-les-p1-et-les-p5\/433119367_1079536369979451_5560761709883423571_n\/\" data-orig-file=\"https:\/\/i0.wp.com\/www.ecole-libre-montaleux.be\/site\/wp-content\/uploads\/2024\/04\/433119367_1079536369979451_5560761709883423571_n.jpg?fit=1536%2C2048\" data-orig-size=\"1536,2048\" data-comments-opened=\"0\" data-image-meta=\"{&quot;aperture&quot;:&quot;0&quot;,&quot;credit&quot;:&quot;&quot;,&quot;camera&quot;:&quot;&quot;,&quot;caption&quot;:&quot;&quot;,&quot;created_timestamp&quot;:&quot;0&quot;,&quot;copyright&quot;:&quot;&quot;,&quot;focal_length&quot;:&quot;0&quot;,&quot;iso&quot;:&quot;0&quot;,&quot;shutter_speed&quot;:&quot;0&quot;,&quot;title&quot;:&quot;&quot;,&quot;orientation&quot;:&quot;0&quot;}\" data-image-title=\"433119367_1079536369979451_5560761709883423571_n\" data-image-description=\"\" data-image-caption=\"\" data-large-file=\"https:\/\/i0.wp.com\/www.ecole-libre-montaleux.be\/site\/wp-content\/uploads\/2024\/04\/433119367_1079536369979451_5560761709883423571_n.jpg?fit=750%2C1000\" \/><\/a>\n\t\t\t<\/div><\/figure><figure class='gallery-item'>\n\t\t\t<div class='gallery-icon portrait'>\n\t\t\t\t<a href='http:\/\/www.ecole-libre-montaleux.be\/site\/2024\/04\/04\/en-cuisine-avec-les-p1-et-les-p5\/434925933_290448097425668_4285504710155455935_n\/'><img loading=\"lazy\" decoding=\"async\" width=\"225\" height=\"300\" src=\"https:\/\/i0.wp.com\/www.ecole-libre-montaleux.be\/site\/wp-content\/uploads\/2024\/04\/434925933_290448097425668_4285504710155455935_n.jpg?fit=225%2C300\" class=\"attachment-medium size-medium no-lazy\" alt=\"\" srcset=\"https:\/\/i0.wp.com\/www.ecole-libre-montaleux.be\/site\/wp-content\/uploads\/2024\/04\/434925933_290448097425668_4285504710155455935_n.jpg?w=1536 1536w, https:\/\/i0.wp.com\/www.ecole-libre-montaleux.be\/site\/wp-content\/uploads\/2024\/04\/434925933_290448097425668_4285504710155455935_n.jpg?resize=225%2C300 225w, https:\/\/i0.wp.com\/www.ecole-libre-montaleux.be\/site\/wp-content\/uploads\/2024\/04\/434925933_290448097425668_4285504710155455935_n.jpg?resize=768%2C1024 768w, https:\/\/i0.wp.com\/www.ecole-libre-montaleux.be\/site\/wp-content\/uploads\/2024\/04\/434925933_290448097425668_4285504710155455935_n.jpg?resize=1152%2C1536 1152w\" sizes=\"(max-width: 225px) 100vw, 225px\" data-attachment-id=\"27795\" data-permalink=\"http:\/\/www.ecole-libre-montaleux.be\/site\/2024\/04\/04\/en-cuisine-avec-les-p1-et-les-p5\/434925933_290448097425668_4285504710155455935_n\/\" data-orig-file=\"https:\/\/i0.wp.com\/www.ecole-libre-montaleux.be\/site\/wp-content\/uploads\/2024\/04\/434925933_290448097425668_4285504710155455935_n.jpg?fit=1536%2C2048\" data-orig-size=\"1536,2048\" data-comments-opened=\"0\" data-image-meta=\"{&quot;aperture&quot;:&quot;0&quot;,&quot;credit&quot;:&quot;&quot;,&quot;camera&quot;:&quot;&quot;,&quot;caption&quot;:&quot;&quot;,&quot;created_timestamp&quot;:&quot;0&quot;,&quot;copyright&quot;:&quot;&quot;,&quot;focal_length&quot;:&quot;0&quot;,&quot;iso&quot;:&quot;0&quot;,&quot;shutter_speed&quot;:&quot;0&quot;,&quot;title&quot;:&quot;&quot;,&quot;orientation&quot;:&quot;0&quot;}\" data-image-title=\"434925933_290448097425668_4285504710155455935_n\" data-image-description=\"\" data-image-caption=\"\" data-large-file=\"https:\/\/i0.wp.com\/www.ecole-libre-montaleux.be\/site\/wp-content\/uploads\/2024\/04\/434925933_290448097425668_4285504710155455935_n.jpg?fit=750%2C1000\" \/><\/a>\n\t\t\t<\/div><\/figure><figure class='gallery-item'>\n\t\t\t<div class='gallery-icon portrait'>\n\t\t\t\t<a href='http:\/\/www.ecole-libre-montaleux.be\/site\/2024\/04\/04\/en-cuisine-avec-les-p1-et-les-p5\/432866437_1129695554729906_1996354974696846347_n\/'><img loading=\"lazy\" decoding=\"async\" width=\"225\" height=\"300\" src=\"https:\/\/i0.wp.com\/www.ecole-libre-montaleux.be\/site\/wp-content\/uploads\/2024\/04\/432866437_1129695554729906_1996354974696846347_n.jpg?fit=225%2C300\" class=\"attachment-medium size-medium no-lazy\" alt=\"\" srcset=\"https:\/\/i0.wp.com\/www.ecole-libre-montaleux.be\/site\/wp-content\/uploads\/2024\/04\/432866437_1129695554729906_1996354974696846347_n.jpg?w=1536 1536w, https:\/\/i0.wp.com\/www.ecole-libre-montaleux.be\/site\/wp-content\/uploads\/2024\/04\/432866437_1129695554729906_1996354974696846347_n.jpg?resize=225%2C300 225w, https:\/\/i0.wp.com\/www.ecole-libre-montaleux.be\/site\/wp-content\/uploads\/2024\/04\/432866437_1129695554729906_1996354974696846347_n.jpg?resize=768%2C1024 768w, https:\/\/i0.wp.com\/www.ecole-libre-montaleux.be\/site\/wp-content\/uploads\/2024\/04\/432866437_1129695554729906_1996354974696846347_n.jpg?resize=1152%2C1536 1152w\" sizes=\"(max-width: 225px) 100vw, 225px\" data-attachment-id=\"27796\" data-permalink=\"http:\/\/www.ecole-libre-montaleux.be\/site\/2024\/04\/04\/en-cuisine-avec-les-p1-et-les-p5\/432866437_1129695554729906_1996354974696846347_n\/\" data-orig-file=\"https:\/\/i0.wp.com\/www.ecole-libre-montaleux.be\/site\/wp-content\/uploads\/2024\/04\/432866437_1129695554729906_1996354974696846347_n.jpg?fit=1536%2C2048\" data-orig-size=\"1536,2048\" data-comments-opened=\"0\" data-image-meta=\"{&quot;aperture&quot;:&quot;0&quot;,&quot;credit&quot;:&quot;&quot;,&quot;camera&quot;:&quot;&quot;,&quot;caption&quot;:&quot;&quot;,&quot;created_timestamp&quot;:&quot;0&quot;,&quot;copyright&quot;:&quot;&quot;,&quot;focal_length&quot;:&quot;0&quot;,&quot;iso&quot;:&quot;0&quot;,&quot;shutter_speed&quot;:&quot;0&quot;,&quot;title&quot;:&quot;&quot;,&quot;orientation&quot;:&quot;0&quot;}\" data-image-title=\"432866437_1129695554729906_1996354974696846347_n\" data-image-description=\"\" data-image-caption=\"\" data-large-file=\"https:\/\/i0.wp.com\/www.ecole-libre-montaleux.be\/site\/wp-content\/uploads\/2024\/04\/432866437_1129695554729906_1996354974696846347_n.jpg?fit=750%2C1000\" \/><\/a>\n\t\t\t<\/div><\/figure><figure class='gallery-item'>\n\t\t\t<div class='gallery-icon portrait'>\n\t\t\t\t<a href='http:\/\/www.ecole-libre-montaleux.be\/site\/2024\/04\/04\/en-cuisine-avec-les-p1-et-les-p5\/432956228_986164132394010_2188769151887153161_n\/'><img loading=\"lazy\" decoding=\"async\" width=\"225\" height=\"300\" src=\"https:\/\/i0.wp.com\/www.ecole-libre-montaleux.be\/site\/wp-content\/uploads\/2024\/04\/432956228_986164132394010_2188769151887153161_n.jpg?fit=225%2C300\" class=\"attachment-medium size-medium no-lazy\" alt=\"\" srcset=\"https:\/\/i0.wp.com\/www.ecole-libre-montaleux.be\/site\/wp-content\/uploads\/2024\/04\/432956228_986164132394010_2188769151887153161_n.jpg?w=1536 1536w, https:\/\/i0.wp.com\/www.ecole-libre-montaleux.be\/site\/wp-content\/uploads\/2024\/04\/432956228_986164132394010_2188769151887153161_n.jpg?resize=225%2C300 225w, https:\/\/i0.wp.com\/www.ecole-libre-montaleux.be\/site\/wp-content\/uploads\/2024\/04\/432956228_986164132394010_2188769151887153161_n.jpg?resize=768%2C1024 768w, https:\/\/i0.wp.com\/www.ecole-libre-montaleux.be\/site\/wp-content\/uploads\/2024\/04\/432956228_986164132394010_2188769151887153161_n.jpg?resize=1152%2C1536 1152w\" sizes=\"(max-width: 225px) 100vw, 225px\" data-attachment-id=\"27797\" data-permalink=\"http:\/\/www.ecole-libre-montaleux.be\/site\/2024\/04\/04\/en-cuisine-avec-les-p1-et-les-p5\/432956228_986164132394010_2188769151887153161_n\/\" data-orig-file=\"https:\/\/i0.wp.com\/www.ecole-libre-montaleux.be\/site\/wp-content\/uploads\/2024\/04\/432956228_986164132394010_2188769151887153161_n.jpg?fit=1536%2C2048\" data-orig-size=\"1536,2048\" data-comments-opened=\"0\" data-image-meta=\"{&quot;aperture&quot;:&quot;0&quot;,&quot;credit&quot;:&quot;&quot;,&quot;camera&quot;:&quot;&quot;,&quot;caption&quot;:&quot;&quot;,&quot;created_timestamp&quot;:&quot;0&quot;,&quot;copyright&quot;:&quot;&quot;,&quot;focal_length&quot;:&quot;0&quot;,&quot;iso&quot;:&quot;0&quot;,&quot;shutter_speed&quot;:&quot;0&quot;,&quot;title&quot;:&quot;&quot;,&quot;orientation&quot;:&quot;0&quot;}\" data-image-title=\"432956228_986164132394010_2188769151887153161_n\" data-image-description=\"\" data-image-caption=\"\" data-large-file=\"https:\/\/i0.wp.com\/www.ecole-libre-montaleux.be\/site\/wp-content\/uploads\/2024\/04\/432956228_986164132394010_2188769151887153161_n.jpg?fit=750%2C1000\" \/><\/a>\n\t\t\t<\/div><\/figure><figure class='gallery-item'>\n\t\t\t<div class='gallery-icon portrait'>\n\t\t\t\t<a href='http:\/\/www.ecole-libre-montaleux.be\/site\/2024\/04\/04\/en-cuisine-avec-les-p1-et-les-p5\/433036559_398794812909741_7946960808895715051_n\/'><img loading=\"lazy\" decoding=\"async\" width=\"225\" height=\"300\" src=\"https:\/\/i0.wp.com\/www.ecole-libre-montaleux.be\/site\/wp-content\/uploads\/2024\/04\/433036559_398794812909741_7946960808895715051_n.jpg?fit=225%2C300\" class=\"attachment-medium size-medium no-lazy\" alt=\"\" srcset=\"https:\/\/i0.wp.com\/www.ecole-libre-montaleux.be\/site\/wp-content\/uploads\/2024\/04\/433036559_398794812909741_7946960808895715051_n.jpg?w=1536 1536w, https:\/\/i0.wp.com\/www.ecole-libre-montaleux.be\/site\/wp-content\/uploads\/2024\/04\/433036559_398794812909741_7946960808895715051_n.jpg?resize=225%2C300 225w, https:\/\/i0.wp.com\/www.ecole-libre-montaleux.be\/site\/wp-content\/uploads\/2024\/04\/433036559_398794812909741_7946960808895715051_n.jpg?resize=768%2C1024 768w, https:\/\/i0.wp.com\/www.ecole-libre-montaleux.be\/site\/wp-content\/uploads\/2024\/04\/433036559_398794812909741_7946960808895715051_n.jpg?resize=1152%2C1536 1152w\" sizes=\"(max-width: 225px) 100vw, 225px\" data-attachment-id=\"27798\" data-permalink=\"http:\/\/www.ecole-libre-montaleux.be\/site\/2024\/04\/04\/en-cuisine-avec-les-p1-et-les-p5\/433036559_398794812909741_7946960808895715051_n\/\" data-orig-file=\"https:\/\/i0.wp.com\/www.ecole-libre-montaleux.be\/site\/wp-content\/uploads\/2024\/04\/433036559_398794812909741_7946960808895715051_n.jpg?fit=1536%2C2048\" data-orig-size=\"1536,2048\" data-comments-opened=\"0\" data-image-meta=\"{&quot;aperture&quot;:&quot;0&quot;,&quot;credit&quot;:&quot;&quot;,&quot;camera&quot;:&quot;&quot;,&quot;caption&quot;:&quot;&quot;,&quot;created_timestamp&quot;:&quot;0&quot;,&quot;copyright&quot;:&quot;&quot;,&quot;focal_length&quot;:&quot;0&quot;,&quot;iso&quot;:&quot;0&quot;,&quot;shutter_speed&quot;:&quot;0&quot;,&quot;title&quot;:&quot;&quot;,&quot;orientation&quot;:&quot;0&quot;}\" data-image-title=\"433036559_398794812909741_7946960808895715051_n\" data-image-description=\"\" data-image-caption=\"\" data-large-file=\"https:\/\/i0.wp.com\/www.ecole-libre-montaleux.be\/site\/wp-content\/uploads\/2024\/04\/433036559_398794812909741_7946960808895715051_n.jpg?fit=750%2C1000\" \/><\/a>\n\t\t\t<\/div><\/figure><figure class='gallery-item'>\n\t\t\t<div class='gallery-icon portrait'>\n\t\t\t\t<a href='http:\/\/www.ecole-libre-montaleux.be\/site\/2024\/04\/04\/en-cuisine-avec-les-p1-et-les-p5\/433030192_3570646806508979_6649837439456313006_n\/'><img loading=\"lazy\" decoding=\"async\" width=\"225\" height=\"300\" src=\"https:\/\/i0.wp.com\/www.ecole-libre-montaleux.be\/site\/wp-content\/uploads\/2024\/04\/433030192_3570646806508979_6649837439456313006_n.jpg?fit=225%2C300\" class=\"attachment-medium size-medium no-lazy\" alt=\"\" srcset=\"https:\/\/i0.wp.com\/www.ecole-libre-montaleux.be\/site\/wp-content\/uploads\/2024\/04\/433030192_3570646806508979_6649837439456313006_n.jpg?w=1500 1500w, https:\/\/i0.wp.com\/www.ecole-libre-montaleux.be\/site\/wp-content\/uploads\/2024\/04\/433030192_3570646806508979_6649837439456313006_n.jpg?resize=225%2C300 225w, https:\/\/i0.wp.com\/www.ecole-libre-montaleux.be\/site\/wp-content\/uploads\/2024\/04\/433030192_3570646806508979_6649837439456313006_n.jpg?resize=768%2C1024 768w, https:\/\/i0.wp.com\/www.ecole-libre-montaleux.be\/site\/wp-content\/uploads\/2024\/04\/433030192_3570646806508979_6649837439456313006_n.jpg?resize=1152%2C1536 1152w\" sizes=\"(max-width: 225px) 100vw, 225px\" data-attachment-id=\"27799\" data-permalink=\"http:\/\/www.ecole-libre-montaleux.be\/site\/2024\/04\/04\/en-cuisine-avec-les-p1-et-les-p5\/433030192_3570646806508979_6649837439456313006_n\/\" data-orig-file=\"https:\/\/i0.wp.com\/www.ecole-libre-montaleux.be\/site\/wp-content\/uploads\/2024\/04\/433030192_3570646806508979_6649837439456313006_n.jpg?fit=1500%2C2000\" data-orig-size=\"1500,2000\" data-comments-opened=\"0\" data-image-meta=\"{&quot;aperture&quot;:&quot;0&quot;,&quot;credit&quot;:&quot;&quot;,&quot;camera&quot;:&quot;&quot;,&quot;caption&quot;:&quot;&quot;,&quot;created_timestamp&quot;:&quot;0&quot;,&quot;copyright&quot;:&quot;&quot;,&quot;focal_length&quot;:&quot;0&quot;,&quot;iso&quot;:&quot;0&quot;,&quot;shutter_speed&quot;:&quot;0&quot;,&quot;title&quot;:&quot;&quot;,&quot;orientation&quot;:&quot;0&quot;}\" data-image-title=\"433030192_3570646806508979_6649837439456313006_n\" data-image-description=\"\" data-image-caption=\"\" data-large-file=\"https:\/\/i0.wp.com\/www.ecole-libre-montaleux.be\/site\/wp-content\/uploads\/2024\/04\/433030192_3570646806508979_6649837439456313006_n.jpg?fit=750%2C1000\" \/><\/a>\n\t\t\t<\/div><\/figure><figure class='gallery-item'>\n\t\t\t<div class='gallery-icon portrait'>\n\t\t\t\t<a href='http:\/\/www.ecole-libre-montaleux.be\/site\/2024\/04\/04\/en-cuisine-avec-les-p1-et-les-p5\/433016677_1087496952518953_7138047167240213464_n\/'><img loading=\"lazy\" decoding=\"async\" width=\"225\" height=\"300\" src=\"https:\/\/i0.wp.com\/www.ecole-libre-montaleux.be\/site\/wp-content\/uploads\/2024\/04\/433016677_1087496952518953_7138047167240213464_n.jpg?fit=225%2C300\" class=\"attachment-medium size-medium no-lazy\" alt=\"\" srcset=\"https:\/\/i0.wp.com\/www.ecole-libre-montaleux.be\/site\/wp-content\/uploads\/2024\/04\/433016677_1087496952518953_7138047167240213464_n.jpg?w=1500 1500w, https:\/\/i0.wp.com\/www.ecole-libre-montaleux.be\/site\/wp-content\/uploads\/2024\/04\/433016677_1087496952518953_7138047167240213464_n.jpg?resize=225%2C300 225w, https:\/\/i0.wp.com\/www.ecole-libre-montaleux.be\/site\/wp-content\/uploads\/2024\/04\/433016677_1087496952518953_7138047167240213464_n.jpg?resize=768%2C1024 768w, https:\/\/i0.wp.com\/www.ecole-libre-montaleux.be\/site\/wp-content\/uploads\/2024\/04\/433016677_1087496952518953_7138047167240213464_n.jpg?resize=1152%2C1536 1152w\" sizes=\"(max-width: 225px) 100vw, 225px\" data-attachment-id=\"27800\" data-permalink=\"http:\/\/www.ecole-libre-montaleux.be\/site\/2024\/04\/04\/en-cuisine-avec-les-p1-et-les-p5\/433016677_1087496952518953_7138047167240213464_n\/\" data-orig-file=\"https:\/\/i0.wp.com\/www.ecole-libre-montaleux.be\/site\/wp-content\/uploads\/2024\/04\/433016677_1087496952518953_7138047167240213464_n.jpg?fit=1500%2C2000\" data-orig-size=\"1500,2000\" data-comments-opened=\"0\" data-image-meta=\"{&quot;aperture&quot;:&quot;0&quot;,&quot;credit&quot;:&quot;&quot;,&quot;camera&quot;:&quot;&quot;,&quot;caption&quot;:&quot;&quot;,&quot;created_timestamp&quot;:&quot;0&quot;,&quot;copyright&quot;:&quot;&quot;,&quot;focal_length&quot;:&quot;0&quot;,&quot;iso&quot;:&quot;0&quot;,&quot;shutter_speed&quot;:&quot;0&quot;,&quot;title&quot;:&quot;&quot;,&quot;orientation&quot;:&quot;0&quot;}\" data-image-title=\"433016677_1087496952518953_7138047167240213464_n\" data-image-description=\"\" data-image-caption=\"\" data-large-file=\"https:\/\/i0.wp.com\/www.ecole-libre-montaleux.be\/site\/wp-content\/uploads\/2024\/04\/433016677_1087496952518953_7138047167240213464_n.jpg?fit=750%2C1000\" \/><\/a>\n\t\t\t<\/div><\/figure><figure class='gallery-item'>\n\t\t\t<div class='gallery-icon portrait'>\n\t\t\t\t<a href='http:\/\/www.ecole-libre-montaleux.be\/site\/2024\/04\/04\/en-cuisine-avec-les-p1-et-les-p5\/432690984_1381840859176167_2068955821153951978_n\/'><img loading=\"lazy\" decoding=\"async\" width=\"225\" height=\"300\" src=\"https:\/\/i0.wp.com\/www.ecole-libre-montaleux.be\/site\/wp-content\/uploads\/2024\/04\/432690984_1381840859176167_2068955821153951978_n.jpg?fit=225%2C300\" class=\"attachment-medium size-medium no-lazy\" alt=\"\" srcset=\"https:\/\/i0.wp.com\/www.ecole-libre-montaleux.be\/site\/wp-content\/uploads\/2024\/04\/432690984_1381840859176167_2068955821153951978_n.jpg?w=1500 1500w, https:\/\/i0.wp.com\/www.ecole-libre-montaleux.be\/site\/wp-content\/uploads\/2024\/04\/432690984_1381840859176167_2068955821153951978_n.jpg?resize=225%2C300 225w, https:\/\/i0.wp.com\/www.ecole-libre-montaleux.be\/site\/wp-content\/uploads\/2024\/04\/432690984_1381840859176167_2068955821153951978_n.jpg?resize=768%2C1024 768w, https:\/\/i0.wp.com\/www.ecole-libre-montaleux.be\/site\/wp-content\/uploads\/2024\/04\/432690984_1381840859176167_2068955821153951978_n.jpg?resize=1152%2C1536 1152w\" sizes=\"(max-width: 225px) 100vw, 225px\" data-attachment-id=\"27801\" data-permalink=\"http:\/\/www.ecole-libre-montaleux.be\/site\/2024\/04\/04\/en-cuisine-avec-les-p1-et-les-p5\/432690984_1381840859176167_2068955821153951978_n\/\" data-orig-file=\"https:\/\/i0.wp.com\/www.ecole-libre-montaleux.be\/site\/wp-content\/uploads\/2024\/04\/432690984_1381840859176167_2068955821153951978_n.jpg?fit=1500%2C2000\" data-orig-size=\"1500,2000\" data-comments-opened=\"0\" data-image-meta=\"{&quot;aperture&quot;:&quot;0&quot;,&quot;credit&quot;:&quot;&quot;,&quot;camera&quot;:&quot;&quot;,&quot;caption&quot;:&quot;&quot;,&quot;created_timestamp&quot;:&quot;0&quot;,&quot;copyright&quot;:&quot;&quot;,&quot;focal_length&quot;:&quot;0&quot;,&quot;iso&quot;:&quot;0&quot;,&quot;shutter_speed&quot;:&quot;0&quot;,&quot;title&quot;:&quot;&quot;,&quot;orientation&quot;:&quot;0&quot;}\" data-image-title=\"432690984_1381840859176167_2068955821153951978_n\" data-image-description=\"\" data-image-caption=\"\" data-large-file=\"https:\/\/i0.wp.com\/www.ecole-libre-montaleux.be\/site\/wp-content\/uploads\/2024\/04\/432690984_1381840859176167_2068955821153951978_n.jpg?fit=750%2C1000\" \/><\/a>\n\t\t\t<\/div><\/figure><figure class='gallery-item'>\n\t\t\t<div class='gallery-icon portrait'>\n\t\t\t\t<a href='http:\/\/www.ecole-libre-montaleux.be\/site\/2024\/04\/04\/en-cuisine-avec-les-p1-et-les-p5\/434928353_937410948083544_4900905312593962551_n\/'><img loading=\"lazy\" decoding=\"async\" width=\"225\" height=\"300\" src=\"https:\/\/i0.wp.com\/www.ecole-libre-montaleux.be\/site\/wp-content\/uploads\/2024\/04\/434928353_937410948083544_4900905312593962551_n.jpg?fit=225%2C300\" class=\"attachment-medium size-medium no-lazy\" alt=\"\" srcset=\"https:\/\/i0.wp.com\/www.ecole-libre-montaleux.be\/site\/wp-content\/uploads\/2024\/04\/434928353_937410948083544_4900905312593962551_n.jpg?w=1500 1500w, https:\/\/i0.wp.com\/www.ecole-libre-montaleux.be\/site\/wp-content\/uploads\/2024\/04\/434928353_937410948083544_4900905312593962551_n.jpg?resize=225%2C300 225w, https:\/\/i0.wp.com\/www.ecole-libre-montaleux.be\/site\/wp-content\/uploads\/2024\/04\/434928353_937410948083544_4900905312593962551_n.jpg?resize=768%2C1024 768w, https:\/\/i0.wp.com\/www.ecole-libre-montaleux.be\/site\/wp-content\/uploads\/2024\/04\/434928353_937410948083544_4900905312593962551_n.jpg?resize=1152%2C1536 1152w\" sizes=\"(max-width: 225px) 100vw, 225px\" data-attachment-id=\"27802\" data-permalink=\"http:\/\/www.ecole-libre-montaleux.be\/site\/2024\/04\/04\/en-cuisine-avec-les-p1-et-les-p5\/434928353_937410948083544_4900905312593962551_n\/\" data-orig-file=\"https:\/\/i0.wp.com\/www.ecole-libre-montaleux.be\/site\/wp-content\/uploads\/2024\/04\/434928353_937410948083544_4900905312593962551_n.jpg?fit=1500%2C2000\" data-orig-size=\"1500,2000\" data-comments-opened=\"0\" data-image-meta=\"{&quot;aperture&quot;:&quot;0&quot;,&quot;credit&quot;:&quot;&quot;,&quot;camera&quot;:&quot;&quot;,&quot;caption&quot;:&quot;&quot;,&quot;created_timestamp&quot;:&quot;0&quot;,&quot;copyright&quot;:&quot;&quot;,&quot;focal_length&quot;:&quot;0&quot;,&quot;iso&quot;:&quot;0&quot;,&quot;shutter_speed&quot;:&quot;0&quot;,&quot;title&quot;:&quot;&quot;,&quot;orientation&quot;:&quot;0&quot;}\" data-image-title=\"434928353_937410948083544_4900905312593962551_n\" data-image-description=\"\" data-image-caption=\"\" data-large-file=\"https:\/\/i0.wp.com\/www.ecole-libre-montaleux.be\/site\/wp-content\/uploads\/2024\/04\/434928353_937410948083544_4900905312593962551_n.jpg?fit=750%2C1000\" \/><\/a>\n\t\t\t<\/div><\/figure><figure class='gallery-item'>\n\t\t\t<div class='gallery-icon portrait'>\n\t\t\t\t<a href='http:\/\/www.ecole-libre-montaleux.be\/site\/2024\/04\/04\/en-cuisine-avec-les-p1-et-les-p5\/434799184_7296502937101660_1846128990965291403_n\/'><img loading=\"lazy\" decoding=\"async\" width=\"225\" height=\"300\" src=\"https:\/\/i0.wp.com\/www.ecole-libre-montaleux.be\/site\/wp-content\/uploads\/2024\/04\/434799184_7296502937101660_1846128990965291403_n.jpg?fit=225%2C300\" class=\"attachment-medium size-medium no-lazy\" alt=\"\" srcset=\"https:\/\/i0.wp.com\/www.ecole-libre-montaleux.be\/site\/wp-content\/uploads\/2024\/04\/434799184_7296502937101660_1846128990965291403_n.jpg?w=1500 1500w, https:\/\/i0.wp.com\/www.ecole-libre-montaleux.be\/site\/wp-content\/uploads\/2024\/04\/434799184_7296502937101660_1846128990965291403_n.jpg?resize=225%2C300 225w, https:\/\/i0.wp.com\/www.ecole-libre-montaleux.be\/site\/wp-content\/uploads\/2024\/04\/434799184_7296502937101660_1846128990965291403_n.jpg?resize=768%2C1024 768w, https:\/\/i0.wp.com\/www.ecole-libre-montaleux.be\/site\/wp-content\/uploads\/2024\/04\/434799184_7296502937101660_1846128990965291403_n.jpg?resize=1152%2C1536 1152w\" sizes=\"(max-width: 225px) 100vw, 225px\" data-attachment-id=\"27803\" data-permalink=\"http:\/\/www.ecole-libre-montaleux.be\/site\/2024\/04\/04\/en-cuisine-avec-les-p1-et-les-p5\/434799184_7296502937101660_1846128990965291403_n\/\" data-orig-file=\"https:\/\/i0.wp.com\/www.ecole-libre-montaleux.be\/site\/wp-content\/uploads\/2024\/04\/434799184_7296502937101660_1846128990965291403_n.jpg?fit=1500%2C2000\" data-orig-size=\"1500,2000\" data-comments-opened=\"0\" data-image-meta=\"{&quot;aperture&quot;:&quot;0&quot;,&quot;credit&quot;:&quot;&quot;,&quot;camera&quot;:&quot;&quot;,&quot;caption&quot;:&quot;&quot;,&quot;created_timestamp&quot;:&quot;0&quot;,&quot;copyright&quot;:&quot;&quot;,&quot;focal_length&quot;:&quot;0&quot;,&quot;iso&quot;:&quot;0&quot;,&quot;shutter_speed&quot;:&quot;0&quot;,&quot;title&quot;:&quot;&quot;,&quot;orientation&quot;:&quot;0&quot;}\" data-image-title=\"434799184_7296502937101660_1846128990965291403_n\" data-image-description=\"\" data-image-caption=\"\" data-large-file=\"https:\/\/i0.wp.com\/www.ecole-libre-montaleux.be\/site\/wp-content\/uploads\/2024\/04\/434799184_7296502937101660_1846128990965291403_n.jpg?fit=750%2C1000\" \/><\/a>\n\t\t\t<\/div><\/figure><figure class='gallery-item'>\n\t\t\t<div class='gallery-icon portrait'>\n\t\t\t\t<a href='http:\/\/www.ecole-libre-montaleux.be\/site\/2024\/04\/04\/en-cuisine-avec-les-p1-et-les-p5\/432813700_1118832696095447_7804980019919028062_n\/'><img loading=\"lazy\" decoding=\"async\" width=\"225\" height=\"300\" src=\"https:\/\/i0.wp.com\/www.ecole-libre-montaleux.be\/site\/wp-content\/uploads\/2024\/04\/432813700_1118832696095447_7804980019919028062_n.jpg?fit=225%2C300\" class=\"attachment-medium size-medium no-lazy\" alt=\"\" srcset=\"https:\/\/i0.wp.com\/www.ecole-libre-montaleux.be\/site\/wp-content\/uploads\/2024\/04\/432813700_1118832696095447_7804980019919028062_n.jpg?w=1500 1500w, https:\/\/i0.wp.com\/www.ecole-libre-montaleux.be\/site\/wp-content\/uploads\/2024\/04\/432813700_1118832696095447_7804980019919028062_n.jpg?resize=225%2C300 225w, https:\/\/i0.wp.com\/www.ecole-libre-montaleux.be\/site\/wp-content\/uploads\/2024\/04\/432813700_1118832696095447_7804980019919028062_n.jpg?resize=768%2C1024 768w, https:\/\/i0.wp.com\/www.ecole-libre-montaleux.be\/site\/wp-content\/uploads\/2024\/04\/432813700_1118832696095447_7804980019919028062_n.jpg?resize=1152%2C1536 1152w\" sizes=\"(max-width: 225px) 100vw, 225px\" data-attachment-id=\"27804\" data-permalink=\"http:\/\/www.ecole-libre-montaleux.be\/site\/2024\/04\/04\/en-cuisine-avec-les-p1-et-les-p5\/432813700_1118832696095447_7804980019919028062_n\/\" data-orig-file=\"https:\/\/i0.wp.com\/www.ecole-libre-montaleux.be\/site\/wp-content\/uploads\/2024\/04\/432813700_1118832696095447_7804980019919028062_n.jpg?fit=1500%2C2000\" data-orig-size=\"1500,2000\" data-comments-opened=\"0\" data-image-meta=\"{&quot;aperture&quot;:&quot;0&quot;,&quot;credit&quot;:&quot;&quot;,&quot;camera&quot;:&quot;&quot;,&quot;caption&quot;:&quot;&quot;,&quot;created_timestamp&quot;:&quot;0&quot;,&quot;copyright&quot;:&quot;&quot;,&quot;focal_length&quot;:&quot;0&quot;,&quot;iso&quot;:&quot;0&quot;,&quot;shutter_speed&quot;:&quot;0&quot;,&quot;title&quot;:&quot;&quot;,&quot;orientation&quot;:&quot;0&quot;}\" data-image-title=\"432813700_1118832696095447_7804980019919028062_n\" data-image-description=\"\" data-image-caption=\"\" data-large-file=\"https:\/\/i0.wp.com\/www.ecole-libre-montaleux.be\/site\/wp-content\/uploads\/2024\/04\/432813700_1118832696095447_7804980019919028062_n.jpg?fit=750%2C1000\" \/><\/a>\n\t\t\t<\/div><\/figure><figure class='gallery-item'>\n\t\t\t<div class='gallery-icon portrait'>\n\t\t\t\t<a href='http:\/\/www.ecole-libre-montaleux.be\/site\/2024\/04\/04\/en-cuisine-avec-les-p1-et-les-p5\/434961552_1076882753369988_4251608188846991365_n\/'><img loading=\"lazy\" decoding=\"async\" width=\"225\" height=\"300\" src=\"https:\/\/i0.wp.com\/www.ecole-libre-montaleux.be\/site\/wp-content\/uploads\/2024\/04\/434961552_1076882753369988_4251608188846991365_n.jpg?fit=225%2C300\" class=\"attachment-medium size-medium no-lazy\" alt=\"\" srcset=\"https:\/\/i0.wp.com\/www.ecole-libre-montaleux.be\/site\/wp-content\/uploads\/2024\/04\/434961552_1076882753369988_4251608188846991365_n.jpg?w=1500 1500w, https:\/\/i0.wp.com\/www.ecole-libre-montaleux.be\/site\/wp-content\/uploads\/2024\/04\/434961552_1076882753369988_4251608188846991365_n.jpg?resize=225%2C300 225w, https:\/\/i0.wp.com\/www.ecole-libre-montaleux.be\/site\/wp-content\/uploads\/2024\/04\/434961552_1076882753369988_4251608188846991365_n.jpg?resize=768%2C1024 768w, https:\/\/i0.wp.com\/www.ecole-libre-montaleux.be\/site\/wp-content\/uploads\/2024\/04\/434961552_1076882753369988_4251608188846991365_n.jpg?resize=1152%2C1536 1152w\" sizes=\"(max-width: 225px) 100vw, 225px\" data-attachment-id=\"27805\" data-permalink=\"http:\/\/www.ecole-libre-montaleux.be\/site\/2024\/04\/04\/en-cuisine-avec-les-p1-et-les-p5\/434961552_1076882753369988_4251608188846991365_n\/\" data-orig-file=\"https:\/\/i0.wp.com\/www.ecole-libre-montaleux.be\/site\/wp-content\/uploads\/2024\/04\/434961552_1076882753369988_4251608188846991365_n.jpg?fit=1500%2C2000\" data-orig-size=\"1500,2000\" data-comments-opened=\"0\" data-image-meta=\"{&quot;aperture&quot;:&quot;0&quot;,&quot;credit&quot;:&quot;&quot;,&quot;camera&quot;:&quot;&quot;,&quot;caption&quot;:&quot;&quot;,&quot;created_timestamp&quot;:&quot;0&quot;,&quot;copyright&quot;:&quot;&quot;,&quot;focal_length&quot;:&quot;0&quot;,&quot;iso&quot;:&quot;0&quot;,&quot;shutter_speed&quot;:&quot;0&quot;,&quot;title&quot;:&quot;&quot;,&quot;orientation&quot;:&quot;0&quot;}\" data-image-title=\"434961552_1076882753369988_4251608188846991365_n\" data-image-description=\"\" data-image-caption=\"\" data-large-file=\"https:\/\/i0.wp.com\/www.ecole-libre-montaleux.be\/site\/wp-content\/uploads\/2024\/04\/434961552_1076882753369988_4251608188846991365_n.jpg?fit=750%2C1000\" \/><\/a>\n\t\t\t<\/div><\/figure><figure class='gallery-item'>\n\t\t\t<div class='gallery-icon portrait'>\n\t\t\t\t<a href='http:\/\/www.ecole-libre-montaleux.be\/site\/2024\/04\/04\/en-cuisine-avec-les-p1-et-les-p5\/433047249_2360624704217302_8657044463658294681_n\/'><img loading=\"lazy\" decoding=\"async\" width=\"225\" height=\"300\" src=\"https:\/\/i0.wp.com\/www.ecole-libre-montaleux.be\/site\/wp-content\/uploads\/2024\/04\/433047249_2360624704217302_8657044463658294681_n.jpg?fit=225%2C300\" class=\"attachment-medium size-medium no-lazy\" alt=\"\" srcset=\"https:\/\/i0.wp.com\/www.ecole-libre-montaleux.be\/site\/wp-content\/uploads\/2024\/04\/433047249_2360624704217302_8657044463658294681_n.jpg?w=1500 1500w, https:\/\/i0.wp.com\/www.ecole-libre-montaleux.be\/site\/wp-content\/uploads\/2024\/04\/433047249_2360624704217302_8657044463658294681_n.jpg?resize=225%2C300 225w, https:\/\/i0.wp.com\/www.ecole-libre-montaleux.be\/site\/wp-content\/uploads\/2024\/04\/433047249_2360624704217302_8657044463658294681_n.jpg?resize=768%2C1024 768w, https:\/\/i0.wp.com\/www.ecole-libre-montaleux.be\/site\/wp-content\/uploads\/2024\/04\/433047249_2360624704217302_8657044463658294681_n.jpg?resize=1152%2C1536 1152w\" sizes=\"(max-width: 225px) 100vw, 225px\" data-attachment-id=\"27806\" data-permalink=\"http:\/\/www.ecole-libre-montaleux.be\/site\/2024\/04\/04\/en-cuisine-avec-les-p1-et-les-p5\/433047249_2360624704217302_8657044463658294681_n\/\" data-orig-file=\"https:\/\/i0.wp.com\/www.ecole-libre-montaleux.be\/site\/wp-content\/uploads\/2024\/04\/433047249_2360624704217302_8657044463658294681_n.jpg?fit=1500%2C2000\" data-orig-size=\"1500,2000\" data-comments-opened=\"0\" data-image-meta=\"{&quot;aperture&quot;:&quot;0&quot;,&quot;credit&quot;:&quot;&quot;,&quot;camera&quot;:&quot;&quot;,&quot;caption&quot;:&quot;&quot;,&quot;created_timestamp&quot;:&quot;0&quot;,&quot;copyright&quot;:&quot;&quot;,&quot;focal_length&quot;:&quot;0&quot;,&quot;iso&quot;:&quot;0&quot;,&quot;shutter_speed&quot;:&quot;0&quot;,&quot;title&quot;:&quot;&quot;,&quot;orientation&quot;:&quot;0&quot;}\" data-image-title=\"433047249_2360624704217302_8657044463658294681_n\" data-image-description=\"\" data-image-caption=\"\" data-large-file=\"https:\/\/i0.wp.com\/www.ecole-libre-montaleux.be\/site\/wp-content\/uploads\/2024\/04\/433047249_2360624704217302_8657044463658294681_n.jpg?fit=750%2C1000\" \/><\/a>\n\t\t\t<\/div><\/figure><figure class='gallery-item'>\n\t\t\t<div class='gallery-icon portrait'>\n\t\t\t\t<a href='http:\/\/www.ecole-libre-montaleux.be\/site\/2024\/04\/04\/en-cuisine-avec-les-p1-et-les-p5\/434875605_990134822671111_1131362693979460351_n-1\/'><img loading=\"lazy\" decoding=\"async\" width=\"225\" height=\"300\" src=\"https:\/\/i0.wp.com\/www.ecole-libre-montaleux.be\/site\/wp-content\/uploads\/2024\/04\/434875605_990134822671111_1131362693979460351_n-1.jpg?fit=225%2C300\" class=\"attachment-medium size-medium no-lazy\" alt=\"\" srcset=\"https:\/\/i0.wp.com\/www.ecole-libre-montaleux.be\/site\/wp-content\/uploads\/2024\/04\/434875605_990134822671111_1131362693979460351_n-1.jpg?w=1500 1500w, https:\/\/i0.wp.com\/www.ecole-libre-montaleux.be\/site\/wp-content\/uploads\/2024\/04\/434875605_990134822671111_1131362693979460351_n-1.jpg?resize=225%2C300 225w, https:\/\/i0.wp.com\/www.ecole-libre-montaleux.be\/site\/wp-content\/uploads\/2024\/04\/434875605_990134822671111_1131362693979460351_n-1.jpg?resize=768%2C1024 768w, https:\/\/i0.wp.com\/www.ecole-libre-montaleux.be\/site\/wp-content\/uploads\/2024\/04\/434875605_990134822671111_1131362693979460351_n-1.jpg?resize=1152%2C1536 1152w\" sizes=\"(max-width: 225px) 100vw, 225px\" data-attachment-id=\"27807\" data-permalink=\"http:\/\/www.ecole-libre-montaleux.be\/site\/2024\/04\/04\/en-cuisine-avec-les-p1-et-les-p5\/434875605_990134822671111_1131362693979460351_n-1\/\" data-orig-file=\"https:\/\/i0.wp.com\/www.ecole-libre-montaleux.be\/site\/wp-content\/uploads\/2024\/04\/434875605_990134822671111_1131362693979460351_n-1.jpg?fit=1500%2C2000\" data-orig-size=\"1500,2000\" data-comments-opened=\"0\" data-image-meta=\"{&quot;aperture&quot;:&quot;0&quot;,&quot;credit&quot;:&quot;&quot;,&quot;camera&quot;:&quot;&quot;,&quot;caption&quot;:&quot;&quot;,&quot;created_timestamp&quot;:&quot;0&quot;,&quot;copyright&quot;:&quot;&quot;,&quot;focal_length&quot;:&quot;0&quot;,&quot;iso&quot;:&quot;0&quot;,&quot;shutter_speed&quot;:&quot;0&quot;,&quot;title&quot;:&quot;&quot;,&quot;orientation&quot;:&quot;0&quot;}\" data-image-title=\"434875605_990134822671111_1131362693979460351_n (1)\" data-image-description=\"\" data-image-caption=\"\" data-large-file=\"https:\/\/i0.wp.com\/www.ecole-libre-montaleux.be\/site\/wp-content\/uploads\/2024\/04\/434875605_990134822671111_1131362693979460351_n-1.jpg?fit=750%2C1000\" \/><\/a>\n\t\t\t<\/div><\/figure><figure class='gallery-item'>\n\t\t\t<div class='gallery-icon portrait'>\n\t\t\t\t<a href='http:\/\/www.ecole-libre-montaleux.be\/site\/2024\/04\/04\/en-cuisine-avec-les-p1-et-les-p5\/434875605_990134822671111_1131362693979460351_n\/'><img loading=\"lazy\" decoding=\"async\" width=\"225\" height=\"300\" src=\"https:\/\/i0.wp.com\/www.ecole-libre-montaleux.be\/site\/wp-content\/uploads\/2024\/04\/434875605_990134822671111_1131362693979460351_n.jpg?fit=225%2C300\" class=\"attachment-medium size-medium no-lazy\" alt=\"\" srcset=\"https:\/\/i0.wp.com\/www.ecole-libre-montaleux.be\/site\/wp-content\/uploads\/2024\/04\/434875605_990134822671111_1131362693979460351_n.jpg?w=1500 1500w, https:\/\/i0.wp.com\/www.ecole-libre-montaleux.be\/site\/wp-content\/uploads\/2024\/04\/434875605_990134822671111_1131362693979460351_n.jpg?resize=225%2C300 225w, https:\/\/i0.wp.com\/www.ecole-libre-montaleux.be\/site\/wp-content\/uploads\/2024\/04\/434875605_990134822671111_1131362693979460351_n.jpg?resize=768%2C1024 768w, https:\/\/i0.wp.com\/www.ecole-libre-montaleux.be\/site\/wp-content\/uploads\/2024\/04\/434875605_990134822671111_1131362693979460351_n.jpg?resize=1152%2C1536 1152w\" sizes=\"(max-width: 225px) 100vw, 225px\" data-attachment-id=\"27808\" data-permalink=\"http:\/\/www.ecole-libre-montaleux.be\/site\/2024\/04\/04\/en-cuisine-avec-les-p1-et-les-p5\/434875605_990134822671111_1131362693979460351_n\/\" data-orig-file=\"https:\/\/i0.wp.com\/www.ecole-libre-montaleux.be\/site\/wp-content\/uploads\/2024\/04\/434875605_990134822671111_1131362693979460351_n.jpg?fit=1500%2C2000\" data-orig-size=\"1500,2000\" data-comments-opened=\"0\" data-image-meta=\"{&quot;aperture&quot;:&quot;0&quot;,&quot;credit&quot;:&quot;&quot;,&quot;camera&quot;:&quot;&quot;,&quot;caption&quot;:&quot;&quot;,&quot;created_timestamp&quot;:&quot;0&quot;,&quot;copyright&quot;:&quot;&quot;,&quot;focal_length&quot;:&quot;0&quot;,&quot;iso&quot;:&quot;0&quot;,&quot;shutter_speed&quot;:&quot;0&quot;,&quot;title&quot;:&quot;&quot;,&quot;orientation&quot;:&quot;0&quot;}\" data-image-title=\"434875605_990134822671111_1131362693979460351_n\" data-image-description=\"\" data-image-caption=\"\" data-large-file=\"https:\/\/i0.wp.com\/www.ecole-libre-montaleux.be\/site\/wp-content\/uploads\/2024\/04\/434875605_990134822671111_1131362693979460351_n.jpg?fit=750%2C1000\" \/><\/a>\n\t\t\t<\/div><\/figure><figure class='gallery-item'>\n\t\t\t<div class='gallery-icon portrait'>\n\t\t\t\t<a href='http:\/\/www.ecole-libre-montaleux.be\/site\/2024\/04\/04\/en-cuisine-avec-les-p1-et-les-p5\/434862792_950509952889035_7834374139726863823_n\/'><img loading=\"lazy\" decoding=\"async\" width=\"225\" height=\"300\" src=\"https:\/\/i0.wp.com\/www.ecole-libre-montaleux.be\/site\/wp-content\/uploads\/2024\/04\/434862792_950509952889035_7834374139726863823_n.jpg?fit=225%2C300\" class=\"attachment-medium size-medium no-lazy\" alt=\"\" srcset=\"https:\/\/i0.wp.com\/www.ecole-libre-montaleux.be\/site\/wp-content\/uploads\/2024\/04\/434862792_950509952889035_7834374139726863823_n.jpg?w=1500 1500w, https:\/\/i0.wp.com\/www.ecole-libre-montaleux.be\/site\/wp-content\/uploads\/2024\/04\/434862792_950509952889035_7834374139726863823_n.jpg?resize=225%2C300 225w, https:\/\/i0.wp.com\/www.ecole-libre-montaleux.be\/site\/wp-content\/uploads\/2024\/04\/434862792_950509952889035_7834374139726863823_n.jpg?resize=768%2C1024 768w, https:\/\/i0.wp.com\/www.ecole-libre-montaleux.be\/site\/wp-content\/uploads\/2024\/04\/434862792_950509952889035_7834374139726863823_n.jpg?resize=1152%2C1536 1152w\" sizes=\"(max-width: 225px) 100vw, 225px\" data-attachment-id=\"27809\" data-permalink=\"http:\/\/www.ecole-libre-montaleux.be\/site\/2024\/04\/04\/en-cuisine-avec-les-p1-et-les-p5\/434862792_950509952889035_7834374139726863823_n\/\" data-orig-file=\"https:\/\/i0.wp.com\/www.ecole-libre-montaleux.be\/site\/wp-content\/uploads\/2024\/04\/434862792_950509952889035_7834374139726863823_n.jpg?fit=1500%2C2000\" data-orig-size=\"1500,2000\" data-comments-opened=\"0\" data-image-meta=\"{&quot;aperture&quot;:&quot;0&quot;,&quot;credit&quot;:&quot;&quot;,&quot;camera&quot;:&quot;&quot;,&quot;caption&quot;:&quot;&quot;,&quot;created_timestamp&quot;:&quot;0&quot;,&quot;copyright&quot;:&quot;&quot;,&quot;focal_length&quot;:&quot;0&quot;,&quot;iso&quot;:&quot;0&quot;,&quot;shutter_speed&quot;:&quot;0&quot;,&quot;title&quot;:&quot;&quot;,&quot;orientation&quot;:&quot;0&quot;}\" data-image-title=\"434862792_950509952889035_7834374139726863823_n\" data-image-description=\"\" data-image-caption=\"\" data-large-file=\"https:\/\/i0.wp.com\/www.ecole-libre-montaleux.be\/site\/wp-content\/uploads\/2024\/04\/434862792_950509952889035_7834374139726863823_n.jpg?fit=750%2C1000\" \/><\/a>\n\t\t\t<\/div><\/figure><figure class='gallery-item'>\n\t\t\t<div class='gallery-icon portrait'>\n\t\t\t\t<a href='http:\/\/www.ecole-libre-montaleux.be\/site\/2024\/04\/04\/en-cuisine-avec-les-p1-et-les-p5\/434813412_1397702320877284_3548571181961047293_n\/'><img loading=\"lazy\" decoding=\"async\" width=\"225\" height=\"300\" src=\"https:\/\/i0.wp.com\/www.ecole-libre-montaleux.be\/site\/wp-content\/uploads\/2024\/04\/434813412_1397702320877284_3548571181961047293_n.jpg?fit=225%2C300\" class=\"attachment-medium size-medium no-lazy\" alt=\"\" srcset=\"https:\/\/i0.wp.com\/www.ecole-libre-montaleux.be\/site\/wp-content\/uploads\/2024\/04\/434813412_1397702320877284_3548571181961047293_n.jpg?w=1500 1500w, https:\/\/i0.wp.com\/www.ecole-libre-montaleux.be\/site\/wp-content\/uploads\/2024\/04\/434813412_1397702320877284_3548571181961047293_n.jpg?resize=225%2C300 225w, https:\/\/i0.wp.com\/www.ecole-libre-montaleux.be\/site\/wp-content\/uploads\/2024\/04\/434813412_1397702320877284_3548571181961047293_n.jpg?resize=768%2C1024 768w, https:\/\/i0.wp.com\/www.ecole-libre-montaleux.be\/site\/wp-content\/uploads\/2024\/04\/434813412_1397702320877284_3548571181961047293_n.jpg?resize=1152%2C1536 1152w\" sizes=\"(max-width: 225px) 100vw, 225px\" data-attachment-id=\"27810\" data-permalink=\"http:\/\/www.ecole-libre-montaleux.be\/site\/2024\/04\/04\/en-cuisine-avec-les-p1-et-les-p5\/434813412_1397702320877284_3548571181961047293_n\/\" data-orig-file=\"https:\/\/i0.wp.com\/www.ecole-libre-montaleux.be\/site\/wp-content\/uploads\/2024\/04\/434813412_1397702320877284_3548571181961047293_n.jpg?fit=1500%2C2000\" data-orig-size=\"1500,2000\" data-comments-opened=\"0\" data-image-meta=\"{&quot;aperture&quot;:&quot;0&quot;,&quot;credit&quot;:&quot;&quot;,&quot;camera&quot;:&quot;&quot;,&quot;caption&quot;:&quot;&quot;,&quot;created_timestamp&quot;:&quot;0&quot;,&quot;copyright&quot;:&quot;&quot;,&quot;focal_length&quot;:&quot;0&quot;,&quot;iso&quot;:&quot;0&quot;,&quot;shutter_speed&quot;:&quot;0&quot;,&quot;title&quot;:&quot;&quot;,&quot;orientation&quot;:&quot;0&quot;}\" data-image-title=\"434813412_1397702320877284_3548571181961047293_n\" data-image-description=\"\" data-image-caption=\"\" data-large-file=\"https:\/\/i0.wp.com\/www.ecole-libre-montaleux.be\/site\/wp-content\/uploads\/2024\/04\/434813412_1397702320877284_3548571181961047293_n.jpg?fit=750%2C1000\" \/><\/a>\n\t\t\t<\/div><\/figure><figure class='gallery-item'>\n\t\t\t<div class='gallery-icon portrait'>\n\t\t\t\t<a href='http:\/\/www.ecole-libre-montaleux.be\/site\/2024\/04\/04\/en-cuisine-avec-les-p1-et-les-p5\/432800206_735167791932846_3847675453003744195_n\/'><img loading=\"lazy\" decoding=\"async\" width=\"225\" height=\"300\" src=\"https:\/\/i0.wp.com\/www.ecole-libre-montaleux.be\/site\/wp-content\/uploads\/2024\/04\/432800206_735167791932846_3847675453003744195_n.jpg?fit=225%2C300\" class=\"attachment-medium size-medium no-lazy\" alt=\"\" srcset=\"https:\/\/i0.wp.com\/www.ecole-libre-montaleux.be\/site\/wp-content\/uploads\/2024\/04\/432800206_735167791932846_3847675453003744195_n.jpg?w=1500 1500w, https:\/\/i0.wp.com\/www.ecole-libre-montaleux.be\/site\/wp-content\/uploads\/2024\/04\/432800206_735167791932846_3847675453003744195_n.jpg?resize=225%2C300 225w, https:\/\/i0.wp.com\/www.ecole-libre-montaleux.be\/site\/wp-content\/uploads\/2024\/04\/432800206_735167791932846_3847675453003744195_n.jpg?resize=768%2C1024 768w, https:\/\/i0.wp.com\/www.ecole-libre-montaleux.be\/site\/wp-content\/uploads\/2024\/04\/432800206_735167791932846_3847675453003744195_n.jpg?resize=1152%2C1536 1152w\" sizes=\"(max-width: 225px) 100vw, 225px\" data-attachment-id=\"27811\" data-permalink=\"http:\/\/www.ecole-libre-montaleux.be\/site\/2024\/04\/04\/en-cuisine-avec-les-p1-et-les-p5\/432800206_735167791932846_3847675453003744195_n\/\" data-orig-file=\"https:\/\/i0.wp.com\/www.ecole-libre-montaleux.be\/site\/wp-content\/uploads\/2024\/04\/432800206_735167791932846_3847675453003744195_n.jpg?fit=1500%2C2000\" data-orig-size=\"1500,2000\" data-comments-opened=\"0\" data-image-meta=\"{&quot;aperture&quot;:&quot;0&quot;,&quot;credit&quot;:&quot;&quot;,&quot;camera&quot;:&quot;&quot;,&quot;caption&quot;:&quot;&quot;,&quot;created_timestamp&quot;:&quot;0&quot;,&quot;copyright&quot;:&quot;&quot;,&quot;focal_length&quot;:&quot;0&quot;,&quot;iso&quot;:&quot;0&quot;,&quot;shutter_speed&quot;:&quot;0&quot;,&quot;title&quot;:&quot;&quot;,&quot;orientation&quot;:&quot;0&quot;}\" data-image-title=\"432800206_735167791932846_3847675453003744195_n\" data-image-description=\"\" data-image-caption=\"\" data-large-file=\"https:\/\/i0.wp.com\/www.ecole-libre-montaleux.be\/site\/wp-content\/uploads\/2024\/04\/432800206_735167791932846_3847675453003744195_n.jpg?fit=750%2C1000\" \/><\/a>\n\t\t\t<\/div><\/figure><figure class='gallery-item'>\n\t\t\t<div class='gallery-icon portrait'>\n\t\t\t\t<a href='http:\/\/www.ecole-libre-montaleux.be\/site\/2024\/04\/04\/en-cuisine-avec-les-p1-et-les-p5\/432979310_7547792461977333_8799221661714154782_n\/'><img loading=\"lazy\" decoding=\"async\" width=\"225\" height=\"300\" src=\"https:\/\/i0.wp.com\/www.ecole-libre-montaleux.be\/site\/wp-content\/uploads\/2024\/04\/432979310_7547792461977333_8799221661714154782_n.jpg?fit=225%2C300\" class=\"attachment-medium size-medium no-lazy\" alt=\"\" srcset=\"https:\/\/i0.wp.com\/www.ecole-libre-montaleux.be\/site\/wp-content\/uploads\/2024\/04\/432979310_7547792461977333_8799221661714154782_n.jpg?w=1500 1500w, https:\/\/i0.wp.com\/www.ecole-libre-montaleux.be\/site\/wp-content\/uploads\/2024\/04\/432979310_7547792461977333_8799221661714154782_n.jpg?resize=225%2C300 225w, https:\/\/i0.wp.com\/www.ecole-libre-montaleux.be\/site\/wp-content\/uploads\/2024\/04\/432979310_7547792461977333_8799221661714154782_n.jpg?resize=768%2C1024 768w, https:\/\/i0.wp.com\/www.ecole-libre-montaleux.be\/site\/wp-content\/uploads\/2024\/04\/432979310_7547792461977333_8799221661714154782_n.jpg?resize=1152%2C1536 1152w\" sizes=\"(max-width: 225px) 100vw, 225px\" data-attachment-id=\"27812\" data-permalink=\"http:\/\/www.ecole-libre-montaleux.be\/site\/2024\/04\/04\/en-cuisine-avec-les-p1-et-les-p5\/432979310_7547792461977333_8799221661714154782_n\/\" data-orig-file=\"https:\/\/i0.wp.com\/www.ecole-libre-montaleux.be\/site\/wp-content\/uploads\/2024\/04\/432979310_7547792461977333_8799221661714154782_n.jpg?fit=1500%2C2000\" data-orig-size=\"1500,2000\" data-comments-opened=\"0\" data-image-meta=\"{&quot;aperture&quot;:&quot;0&quot;,&quot;credit&quot;:&quot;&quot;,&quot;camera&quot;:&quot;&quot;,&quot;caption&quot;:&quot;&quot;,&quot;created_timestamp&quot;:&quot;0&quot;,&quot;copyright&quot;:&quot;&quot;,&quot;focal_length&quot;:&quot;0&quot;,&quot;iso&quot;:&quot;0&quot;,&quot;shutter_speed&quot;:&quot;0&quot;,&quot;title&quot;:&quot;&quot;,&quot;orientation&quot;:&quot;0&quot;}\" data-image-title=\"432979310_7547792461977333_8799221661714154782_n\" data-image-description=\"\" data-image-caption=\"\" data-large-file=\"https:\/\/i0.wp.com\/www.ecole-libre-montaleux.be\/site\/wp-content\/uploads\/2024\/04\/432979310_7547792461977333_8799221661714154782_n.jpg?fit=750%2C1000\" \/><\/a>\n\t\t\t<\/div><\/figure><figure class='gallery-item'>\n\t\t\t<div class='gallery-icon portrait'>\n\t\t\t\t<a href='http:\/\/www.ecole-libre-montaleux.be\/site\/2024\/04\/04\/en-cuisine-avec-les-p1-et-les-p5\/433023455_783215837074609_8334578682833125481_n\/'><img loading=\"lazy\" decoding=\"async\" width=\"225\" height=\"300\" src=\"https:\/\/i0.wp.com\/www.ecole-libre-montaleux.be\/site\/wp-content\/uploads\/2024\/04\/433023455_783215837074609_8334578682833125481_n.jpg?fit=225%2C300\" class=\"attachment-medium size-medium no-lazy\" alt=\"\" srcset=\"https:\/\/i0.wp.com\/www.ecole-libre-montaleux.be\/site\/wp-content\/uploads\/2024\/04\/433023455_783215837074609_8334578682833125481_n.jpg?w=1500 1500w, https:\/\/i0.wp.com\/www.ecole-libre-montaleux.be\/site\/wp-content\/uploads\/2024\/04\/433023455_783215837074609_8334578682833125481_n.jpg?resize=225%2C300 225w, https:\/\/i0.wp.com\/www.ecole-libre-montaleux.be\/site\/wp-content\/uploads\/2024\/04\/433023455_783215837074609_8334578682833125481_n.jpg?resize=768%2C1024 768w, https:\/\/i0.wp.com\/www.ecole-libre-montaleux.be\/site\/wp-content\/uploads\/2024\/04\/433023455_783215837074609_8334578682833125481_n.jpg?resize=1152%2C1536 1152w\" sizes=\"(max-width: 225px) 100vw, 225px\" data-attachment-id=\"27813\" data-permalink=\"http:\/\/www.ecole-libre-montaleux.be\/site\/2024\/04\/04\/en-cuisine-avec-les-p1-et-les-p5\/433023455_783215837074609_8334578682833125481_n\/\" data-orig-file=\"https:\/\/i0.wp.com\/www.ecole-libre-montaleux.be\/site\/wp-content\/uploads\/2024\/04\/433023455_783215837074609_8334578682833125481_n.jpg?fit=1500%2C2000\" data-orig-size=\"1500,2000\" data-comments-opened=\"0\" data-image-meta=\"{&quot;aperture&quot;:&quot;0&quot;,&quot;credit&quot;:&quot;&quot;,&quot;camera&quot;:&quot;&quot;,&quot;caption&quot;:&quot;&quot;,&quot;created_timestamp&quot;:&quot;0&quot;,&quot;copyright&quot;:&quot;&quot;,&quot;focal_length&quot;:&quot;0&quot;,&quot;iso&quot;:&quot;0&quot;,&quot;shutter_speed&quot;:&quot;0&quot;,&quot;title&quot;:&quot;&quot;,&quot;orientation&quot;:&quot;0&quot;}\" data-image-title=\"433023455_783215837074609_8334578682833125481_n\" data-image-description=\"\" data-image-caption=\"\" data-large-file=\"https:\/\/i0.wp.com\/www.ecole-libre-montaleux.be\/site\/wp-content\/uploads\/2024\/04\/433023455_783215837074609_8334578682833125481_n.jpg?fit=750%2C1000\" \/><\/a>\n\t\t\t<\/div><\/figure><figure class='gallery-item'>\n\t\t\t<div class='gallery-icon portrait'>\n\t\t\t\t<a href='http:\/\/www.ecole-libre-montaleux.be\/site\/2024\/04\/04\/en-cuisine-avec-les-p1-et-les-p5\/434801089_1128317295078865_4691489576198939521_n\/'><img loading=\"lazy\" decoding=\"async\" width=\"225\" height=\"300\" src=\"https:\/\/i0.wp.com\/www.ecole-libre-montaleux.be\/site\/wp-content\/uploads\/2024\/04\/434801089_1128317295078865_4691489576198939521_n.jpg?fit=225%2C300\" class=\"attachment-medium size-medium no-lazy\" alt=\"\" srcset=\"https:\/\/i0.wp.com\/www.ecole-libre-montaleux.be\/site\/wp-content\/uploads\/2024\/04\/434801089_1128317295078865_4691489576198939521_n.jpg?w=1500 1500w, https:\/\/i0.wp.com\/www.ecole-libre-montaleux.be\/site\/wp-content\/uploads\/2024\/04\/434801089_1128317295078865_4691489576198939521_n.jpg?resize=225%2C300 225w, https:\/\/i0.wp.com\/www.ecole-libre-montaleux.be\/site\/wp-content\/uploads\/2024\/04\/434801089_1128317295078865_4691489576198939521_n.jpg?resize=768%2C1024 768w, https:\/\/i0.wp.com\/www.ecole-libre-montaleux.be\/site\/wp-content\/uploads\/2024\/04\/434801089_1128317295078865_4691489576198939521_n.jpg?resize=1152%2C1536 1152w\" sizes=\"(max-width: 225px) 100vw, 225px\" data-attachment-id=\"27814\" data-permalink=\"http:\/\/www.ecole-libre-montaleux.be\/site\/2024\/04\/04\/en-cuisine-avec-les-p1-et-les-p5\/434801089_1128317295078865_4691489576198939521_n\/\" data-orig-file=\"https:\/\/i0.wp.com\/www.ecole-libre-montaleux.be\/site\/wp-content\/uploads\/2024\/04\/434801089_1128317295078865_4691489576198939521_n.jpg?fit=1500%2C2000\" data-orig-size=\"1500,2000\" data-comments-opened=\"0\" data-image-meta=\"{&quot;aperture&quot;:&quot;0&quot;,&quot;credit&quot;:&quot;&quot;,&quot;camera&quot;:&quot;&quot;,&quot;caption&quot;:&quot;&quot;,&quot;created_timestamp&quot;:&quot;0&quot;,&quot;copyright&quot;:&quot;&quot;,&quot;focal_length&quot;:&quot;0&quot;,&quot;iso&quot;:&quot;0&quot;,&quot;shutter_speed&quot;:&quot;0&quot;,&quot;title&quot;:&quot;&quot;,&quot;orientation&quot;:&quot;0&quot;}\" data-image-title=\"434801089_1128317295078865_4691489576198939521_n\" data-image-description=\"\" data-image-caption=\"\" data-large-file=\"https:\/\/i0.wp.com\/www.ecole-libre-montaleux.be\/site\/wp-content\/uploads\/2024\/04\/434801089_1128317295078865_4691489576198939521_n.jpg?fit=750%2C1000\" \/><\/a>\n\t\t\t<\/div><\/figure><figure class='gallery-item'>\n\t\t\t<div class='gallery-icon portrait'>\n\t\t\t\t<a href='http:\/\/www.ecole-libre-montaleux.be\/site\/2024\/04\/04\/en-cuisine-avec-les-p1-et-les-p5\/432896547_1112755986615322_2885082096855650948_n\/'><img loading=\"lazy\" decoding=\"async\" width=\"225\" height=\"300\" src=\"https:\/\/i0.wp.com\/www.ecole-libre-montaleux.be\/site\/wp-content\/uploads\/2024\/04\/432896547_1112755986615322_2885082096855650948_n.jpg?fit=225%2C300\" class=\"attachment-medium size-medium no-lazy\" alt=\"\" srcset=\"https:\/\/i0.wp.com\/www.ecole-libre-montaleux.be\/site\/wp-content\/uploads\/2024\/04\/432896547_1112755986615322_2885082096855650948_n.jpg?w=1500 1500w, https:\/\/i0.wp.com\/www.ecole-libre-montaleux.be\/site\/wp-content\/uploads\/2024\/04\/432896547_1112755986615322_2885082096855650948_n.jpg?resize=225%2C300 225w, https:\/\/i0.wp.com\/www.ecole-libre-montaleux.be\/site\/wp-content\/uploads\/2024\/04\/432896547_1112755986615322_2885082096855650948_n.jpg?resize=768%2C1024 768w, https:\/\/i0.wp.com\/www.ecole-libre-montaleux.be\/site\/wp-content\/uploads\/2024\/04\/432896547_1112755986615322_2885082096855650948_n.jpg?resize=1152%2C1536 1152w\" sizes=\"(max-width: 225px) 100vw, 225px\" data-attachment-id=\"27815\" data-permalink=\"http:\/\/www.ecole-libre-montaleux.be\/site\/2024\/04\/04\/en-cuisine-avec-les-p1-et-les-p5\/432896547_1112755986615322_2885082096855650948_n\/\" data-orig-file=\"https:\/\/i0.wp.com\/www.ecole-libre-montaleux.be\/site\/wp-content\/uploads\/2024\/04\/432896547_1112755986615322_2885082096855650948_n.jpg?fit=1500%2C2000\" data-orig-size=\"1500,2000\" data-comments-opened=\"0\" data-image-meta=\"{&quot;aperture&quot;:&quot;0&quot;,&quot;credit&quot;:&quot;&quot;,&quot;camera&quot;:&quot;&quot;,&quot;caption&quot;:&quot;&quot;,&quot;created_timestamp&quot;:&quot;0&quot;,&quot;copyright&quot;:&quot;&quot;,&quot;focal_length&quot;:&quot;0&quot;,&quot;iso&quot;:&quot;0&quot;,&quot;shutter_speed&quot;:&quot;0&quot;,&quot;title&quot;:&quot;&quot;,&quot;orientation&quot;:&quot;0&quot;}\" data-image-title=\"432896547_1112755986615322_2885082096855650948_n\" data-image-description=\"\" data-image-caption=\"\" data-large-file=\"https:\/\/i0.wp.com\/www.ecole-libre-montaleux.be\/site\/wp-content\/uploads\/2024\/04\/432896547_1112755986615322_2885082096855650948_n.jpg?fit=750%2C1000\" \/><\/a>\n\t\t\t<\/div><\/figure><figure class='gallery-item'>\n\t\t\t<div class='gallery-icon portrait'>\n\t\t\t\t<a href='http:\/\/www.ecole-libre-montaleux.be\/site\/2024\/04\/04\/en-cuisine-avec-les-p1-et-les-p5\/432896558_961959575283043_7231308878535403534_n\/'><img loading=\"lazy\" decoding=\"async\" width=\"225\" height=\"300\" src=\"https:\/\/i0.wp.com\/www.ecole-libre-montaleux.be\/site\/wp-content\/uploads\/2024\/04\/432896558_961959575283043_7231308878535403534_n.jpg?fit=225%2C300\" class=\"attachment-medium size-medium no-lazy\" alt=\"\" srcset=\"https:\/\/i0.wp.com\/www.ecole-libre-montaleux.be\/site\/wp-content\/uploads\/2024\/04\/432896558_961959575283043_7231308878535403534_n.jpg?w=1500 1500w, https:\/\/i0.wp.com\/www.ecole-libre-montaleux.be\/site\/wp-content\/uploads\/2024\/04\/432896558_961959575283043_7231308878535403534_n.jpg?resize=225%2C300 225w, https:\/\/i0.wp.com\/www.ecole-libre-montaleux.be\/site\/wp-content\/uploads\/2024\/04\/432896558_961959575283043_7231308878535403534_n.jpg?resize=768%2C1024 768w, https:\/\/i0.wp.com\/www.ecole-libre-montaleux.be\/site\/wp-content\/uploads\/2024\/04\/432896558_961959575283043_7231308878535403534_n.jpg?resize=1152%2C1536 1152w\" sizes=\"(max-width: 225px) 100vw, 225px\" data-attachment-id=\"27816\" data-permalink=\"http:\/\/www.ecole-libre-montaleux.be\/site\/2024\/04\/04\/en-cuisine-avec-les-p1-et-les-p5\/432896558_961959575283043_7231308878535403534_n\/\" data-orig-file=\"https:\/\/i0.wp.com\/www.ecole-libre-montaleux.be\/site\/wp-content\/uploads\/2024\/04\/432896558_961959575283043_7231308878535403534_n.jpg?fit=1500%2C2000\" data-orig-size=\"1500,2000\" data-comments-opened=\"0\" data-image-meta=\"{&quot;aperture&quot;:&quot;0&quot;,&quot;credit&quot;:&quot;&quot;,&quot;camera&quot;:&quot;&quot;,&quot;caption&quot;:&quot;&quot;,&quot;created_timestamp&quot;:&quot;0&quot;,&quot;copyright&quot;:&quot;&quot;,&quot;focal_length&quot;:&quot;0&quot;,&quot;iso&quot;:&quot;0&quot;,&quot;shutter_speed&quot;:&quot;0&quot;,&quot;title&quot;:&quot;&quot;,&quot;orientation&quot;:&quot;0&quot;}\" data-image-title=\"432896558_961959575283043_7231308878535403534_n\" data-image-description=\"\" data-image-caption=\"\" data-large-file=\"https:\/\/i0.wp.com\/www.ecole-libre-montaleux.be\/site\/wp-content\/uploads\/2024\/04\/432896558_961959575283043_7231308878535403534_n.jpg?fit=750%2C1000\" \/><\/a>\n\t\t\t<\/div><\/figure><figure class='gallery-item'>\n\t\t\t<div class='gallery-icon portrait'>\n\t\t\t\t<a href='http:\/\/www.ecole-libre-montaleux.be\/site\/2024\/04\/04\/en-cuisine-avec-les-p1-et-les-p5\/432823382_1478596886423018_7410673850618411622_n\/'><img loading=\"lazy\" decoding=\"async\" width=\"225\" height=\"300\" src=\"https:\/\/i0.wp.com\/www.ecole-libre-montaleux.be\/site\/wp-content\/uploads\/2024\/04\/432823382_1478596886423018_7410673850618411622_n.jpg?fit=225%2C300\" class=\"attachment-medium size-medium no-lazy\" alt=\"\" srcset=\"https:\/\/i0.wp.com\/www.ecole-libre-montaleux.be\/site\/wp-content\/uploads\/2024\/04\/432823382_1478596886423018_7410673850618411622_n.jpg?w=1500 1500w, https:\/\/i0.wp.com\/www.ecole-libre-montaleux.be\/site\/wp-content\/uploads\/2024\/04\/432823382_1478596886423018_7410673850618411622_n.jpg?resize=225%2C300 225w, https:\/\/i0.wp.com\/www.ecole-libre-montaleux.be\/site\/wp-content\/uploads\/2024\/04\/432823382_1478596886423018_7410673850618411622_n.jpg?resize=768%2C1024 768w, https:\/\/i0.wp.com\/www.ecole-libre-montaleux.be\/site\/wp-content\/uploads\/2024\/04\/432823382_1478596886423018_7410673850618411622_n.jpg?resize=1152%2C1536 1152w\" sizes=\"(max-width: 225px) 100vw, 225px\" data-attachment-id=\"27817\" data-permalink=\"http:\/\/www.ecole-libre-montaleux.be\/site\/2024\/04\/04\/en-cuisine-avec-les-p1-et-les-p5\/432823382_1478596886423018_7410673850618411622_n\/\" data-orig-file=\"https:\/\/i0.wp.com\/www.ecole-libre-montaleux.be\/site\/wp-content\/uploads\/2024\/04\/432823382_1478596886423018_7410673850618411622_n.jpg?fit=1500%2C2000\" data-orig-size=\"1500,2000\" data-comments-opened=\"0\" data-image-meta=\"{&quot;aperture&quot;:&quot;0&quot;,&quot;credit&quot;:&quot;&quot;,&quot;camera&quot;:&quot;&quot;,&quot;caption&quot;:&quot;&quot;,&quot;created_timestamp&quot;:&quot;0&quot;,&quot;copyright&quot;:&quot;&quot;,&quot;focal_length&quot;:&quot;0&quot;,&quot;iso&quot;:&quot;0&quot;,&quot;shutter_speed&quot;:&quot;0&quot;,&quot;title&quot;:&quot;&quot;,&quot;orientation&quot;:&quot;0&quot;}\" data-image-title=\"432823382_1478596886423018_7410673850618411622_n\" data-image-description=\"\" data-image-caption=\"\" data-large-file=\"https:\/\/i0.wp.com\/www.ecole-libre-montaleux.be\/site\/wp-content\/uploads\/2024\/04\/432823382_1478596886423018_7410673850618411622_n.jpg?fit=750%2C1000\" \/><\/a>\n\t\t\t<\/div><\/figure>\n\t\t<\/div>\n\n","protected":false},"excerpt":{"rendered":"<p>Dans le cadre du cours de n\u00e9erlandais et d&rsquo;\u00e9veil aux langues, les enfants de P5 sont venus cuisiner avec ceux &hellip; <\/p>\n","protected":false},"author":2,"featured_media":27819,"comment_status":"closed","ping_status":"open","sticky":false,"template":"","format":"standard","meta":{"jetpack_post_was_ever_published":false,"_jetpack_newsletter_access":"","_jetpack_dont_email_post_to_subs":false,"_jetpack_newsletter_tier_id":0,"_jetpack_memberships_contains_paywalled_content":false,"_jetpack_memberships_contains_paid_content":false,"footnotes":""},"categories":[30],"tags":[],"class_list":["post-27788","post","type-post","status-publish","format-standard","has-post-thumbnail","hentry","category-activites-2023-2024"],"jetpack_featured_media_url":"https:\/\/i0.wp.com\/www.ecole-libre-montaleux.be\/site\/wp-content\/uploads\/2024\/04\/cuisine-scaled.jpg?fit=2560%2C1440","jetpack_shortlink":"https:\/\/wp.me\/p90pVh-7ec","jetpack-related-posts":[],"jetpack_sharing_enabled":true,"_links":{"self":[{"href":"http:\/\/www.ecole-libre-montaleux.be\/site\/wp-json\/wp\/v2\/posts\/27788","targetHints":{"allow":["GET"]}}],"collection":[{"href":"http:\/\/www.ecole-libre-montaleux.be\/site\/wp-json\/wp\/v2\/posts"}],"about":[{"href":"http:\/\/www.ecole-libre-montaleux.be\/site\/wp-json\/wp\/v2\/types\/post"}],"author":[{"embeddable":true,"href":"http:\/\/www.ecole-libre-montaleux.be\/site\/wp-json\/wp\/v2\/users\/2"}],"replies":[{"embeddable":true,"href":"http:\/\/www.ecole-libre-montaleux.be\/site\/wp-json\/wp\/v2\/comments?post=27788"}],"version-history":[{"count":1,"href":"http:\/\/www.ecole-libre-montaleux.be\/site\/wp-json\/wp\/v2\/posts\/27788\/revisions"}],"predecessor-version":[{"id":27820,"href":"http:\/\/www.ecole-libre-montaleux.be\/site\/wp-json\/wp\/v2\/posts\/27788\/revisions\/27820"}],"wp:featuredmedia":[{"embeddable":true,"href":"http:\/\/www.ecole-libre-montaleux.be\/site\/wp-json\/wp\/v2\/media\/27819"}],"wp:attachment":[{"href":"http:\/\/www.ecole-libre-montaleux.be\/site\/wp-json\/wp\/v2\/media?parent=27788"}],"wp:term":[{"taxonomy":"category","embeddable":true,"href":"http:\/\/www.ecole-libre-montaleux.be\/site\/wp-json\/wp\/v2\/categories?post=27788"},{"taxonomy":"post_tag","embeddable":true,"href":"http:\/\/www.ecole-libre-montaleux.be\/site\/wp-json\/wp\/v2\/tags?post=27788"}],"curies":[{"name":"wp","href":"https:\/\/api.w.org\/{rel}","templated":true}]}}